[{"@context":"https:\/\/schema.org\/","@type":"Article","@id":"https:\/\/www.miras.sk\/za-vyssim-platom\/#Article","mainEntityOfPage":"https:\/\/www.miras.sk\/za-vyssim-platom\/","headline":"Za vy\u0161\u0161\u00edm platom","name":"Za vy\u0161\u0161\u00edm platom","description":"Nie nadarmo sa hovor\u00ed, \u017ee sa \u010dlovek u\u010d\u00ed cel\u00fd \u017eivot. Za\u010d\u00ednate na z\u00e1kladnej \u0161kole, potom sa radujete, \u017ee v\u00e1s zobrali na gymn\u00e1zium, z\u00a0ktor\u00e9ho va\u0161e kroky ved\u00fa rovno na vysok\u00fa \u0161kolu. Prv\u00e9 roky \u017eivota str\u00e1vite oddan\u00fd \u0161kolstvu. A\u00a0niektor\u00ed sa toho nezbavia ani potom. U\u010ditelia \u010di r\u00f4zni doktori musia v\u00a0priebehu kari\u00e9ry z\u00edskava\u0165 atest\u00e1cie, v\u010faka ktor\u00fdm sa kvalifikuj\u00fa [&hellip;]","datePublished":"2023-01-07","dateModified":"2024-01-09","author":{"@type":"Person","@id":"https:\/\/www.miras.sk\/author\/#Person","name":"","url":"https:\/\/www.miras.sk\/author\/","identifier":1,"image":{"@type":"ImageObject","@id":"https:\/\/secure.gravatar.com\/avatar\/f5ad5dcd5c02ecc0fdaf1fe4b2e9a39ad5c5cc2b614885090f6f77b1ccabb3a9?s=96&d=mm&r=g","url":"https:\/\/secure.gravatar.com\/avatar\/f5ad5dcd5c02ecc0fdaf1fe4b2e9a39ad5c5cc2b614885090f6f77b1ccabb3a9?s=96&d=mm&r=g","height":96,"width":96}},"publisher":{"@type":"Organization","name":"miras.sk","logo":{"@type":"ImageObject","@id":"\/logo.png","url":"\/logo.png","width":600,"height":60}},"url":"https:\/\/www.miras.sk\/za-vyssim-platom\/","wordCount":233,"articleBody":"Nie nadarmo sa hovor\u00ed, \u017ee sa \u010dlovek u\u010d\u00ed cel\u00fd \u017eivot. Za\u010d\u00ednate na z\u00e1kladnej \u0161kole, potom sa radujete, \u017ee v\u00e1s zobrali na gymn\u00e1zium, z\u00a0ktor\u00e9ho va\u0161e kroky ved\u00fa rovno na vysok\u00fa \u0161kolu. Prv\u00e9 roky \u017eivota str\u00e1vite oddan\u00fd \u0161kolstvu. A\u00a0niektor\u00ed sa toho nezbavia ani potom. U\u010ditelia \u010di r\u00f4zni doktori musia v\u00a0priebehu kari\u00e9ry z\u00edskava\u0165 atest\u00e1cie, v\u010faka ktor\u00fdm sa kvalifikuj\u00fa nielen do in\u00fdch poz\u00edci\u00ed, ale si t\u00fdm aj priamo\u00famerne zv\u00fd\u0161ia pr\u00edjem.\tDobr\u00e9 prerozdelenie \u010dasuOp\u00e4\u0165 akoby ste boli na \u0161kole! Atesta\u010dn\u00e1 pr\u00e1ca, ktorej odovzdanie v\u00e1s \u010dak\u00e1, op\u00e4\u0165 prispeje k\u00a0stresov\u00fdm situ\u00e1ci\u00e1m, ktor\u00fdch bude s\u00a0ub\u00fadaj\u00facim \u010dasom \u010doraz viac. K\u00fdm na v\u00fd\u0161ke ste vo\u013en\u00e9 chv\u00edle tr\u00e1vili v\u00a0kr\u010dme, teraz v\u00e1m ich berie rodina alebo in\u00e9 z\u00e1ujmy, ktor\u00e9 v\u00e4\u010d\u0161inou nemo\u017eno len tak odlo\u017ei\u0165. S\u00a0vekom v\u0161ak m\u00e1te u\u017e aj viac zodpovednosti, preto je pre v\u00e1s mo\u017eno nemyslite\u013en\u00e9 necha\u0165 situ\u00e1ciu z\u00e1js\u0165 do krajnost\u00ed! Rad\u0161ej si v\u00a0pokoji vybavte kvalitn\u00e9 podklady, s\u00a0ktor\u00fdmi sa v\u00e1m bude pracova\u0165 ove\u013ea lep\u0161ie ako s\u00a0hromadou literat\u00fary. Alebo sa pr\u00e1ce zbavte \u00faplne! To, \u017ee si textov\u00fa \u010das\u0165 nepriprav\u00edte vy, neznamen\u00e1, \u017ee by ste boli menej kvalifikovan\u00fd!                                                                                                                                                                                                                                                                                                                                                                                        3.5\/5 - (13 votes)        "},{"@context":"https:\/\/schema.org\/","@type":"BreadcrumbList","itemListElement":[{"@type":"ListItem","position":1,"name":"Za vy\u0161\u0161\u00edm platom","item":"https:\/\/www.miras.sk\/za-vyssim-platom\/#breadcrumbitem"}]}]