[{"@context":"https:\/\/schema.org\/","@type":"Article","@id":"https:\/\/www.miras.sk\/ukazte-svetu-svoju-osobnost\/#Article","mainEntityOfPage":"https:\/\/www.miras.sk\/ukazte-svetu-svoju-osobnost\/","headline":"Uk\u00e1\u017ete svetu svoju osobnos\u0165","name":"Uk\u00e1\u017ete svetu svoju osobnos\u0165","description":"\u017deny s\u00fa ve\u013emi za\u0165a\u017een\u00e9 na to, ako vyzeraj\u00fa. Napriek tomu, \u017ee sa ve\u013emi sna\u017eia, aby neboli povrchn\u00e9 a aby st\u00e1le vyzerali ve\u013emi dobre, mus\u00edte myslie\u0165 na to, \u017ee aj ke\u010f sa sna\u017eia o nen\u00faten\u00fd vzh\u013ead, v\u017edy chc\u00fa vyzera\u0165 upravene. Na v\u00fdzore mo\u017eno mnoh\u00fdm \u013eu\u010fom v\u00f4bec nez\u00e1le\u017e\u00ed, no \u017eeny aj tak myslia na to, ako vyzera\u0165 [&hellip;]","datePublished":"2018-02-26","dateModified":"2023-04-27","author":{"@type":"Person","@id":"https:\/\/www.miras.sk\/author\/#Person","name":"","url":"https:\/\/www.miras.sk\/author\/","identifier":1,"image":{"@type":"ImageObject","@id":"https:\/\/secure.gravatar.com\/avatar\/f5ad5dcd5c02ecc0fdaf1fe4b2e9a39ad5c5cc2b614885090f6f77b1ccabb3a9?s=96&d=mm&r=g","url":"https:\/\/secure.gravatar.com\/avatar\/f5ad5dcd5c02ecc0fdaf1fe4b2e9a39ad5c5cc2b614885090f6f77b1ccabb3a9?s=96&d=mm&r=g","height":96,"width":96}},"publisher":{"@type":"Organization","name":"miras.sk","logo":{"@type":"ImageObject","@id":"\/logo.png","url":"\/logo.png","width":600,"height":60}},"image":{"@type":"ImageObject","@id":"https:\/\/www.miras.sk\/wp-content\/uploads\/img_a287290_w16496_t1524728552.jpg","url":"https:\/\/www.miras.sk\/wp-content\/uploads\/img_a287290_w16496_t1524728552.jpg","height":0,"width":0},"url":"https:\/\/www.miras.sk\/ukazte-svetu-svoju-osobnost\/","about":["\u017deny"],"wordCount":411,"articleBody":"  \u017deny s\u00fa ve\u013emi za\u0165a\u017een\u00e9 na to, ako vyzeraj\u00fa. Napriek tomu, \u017ee sa ve\u013emi sna\u017eia, aby neboli povrchn\u00e9 a aby st\u00e1le vyzerali ve\u013emi dobre, mus\u00edte myslie\u0165 na to, \u017ee aj ke\u010f sa sna\u017eia o nen\u00faten\u00fd vzh\u013ead, v\u017edy chc\u00fa vyzera\u0165 upravene. Na v\u00fdzore mo\u017eno mnoh\u00fdm \u013eu\u010fom v\u00f4bec nez\u00e1le\u017e\u00ed, no \u017eeny aj tak myslia na to, ako vyzera\u0165 \u010do najlep\u0161ie. Presne takto to jednoducho je. A napriek tomu, \u017ee m\u00e1me pocit, \u017ee to vyznie povrchne, nie je to tak. Ve\u010f pre\u010do by sme nemohli by\u0165 kr\u00e1sne? Pre\u010do by sme nemohli by\u0165 upraven\u00e9? Neexistuje nikto, kto by n\u00e1m to mohol zak\u00e1za\u0165. Ke\u010f sa raz o seba chceme stara\u0165, tak to urob\u00edme. Mysleli ste niekedy na to, \u017ee by ste mohli svetu uk\u00e1za\u0165 va\u0161e vn\u00fatro pomocou nie\u010doho, \u010do m\u00e1te na sebe? Nehovor\u00edme teraz o v\u00fdsti\u017enom tri\u010dku, ktor\u00e9 bude ukazova\u0165, \u010do si mysl\u00edte. Nehovor\u00edme ani o \u0161t\u00fdle, v ktorom sa nesie va\u0161e oble\u010denie. Mysl\u00edme to jednoducho klasicky, presne tak, ako to pr\u00e1ve hovor\u00edme. M\u00e1me pocit, \u017ee \u017eena by sa mohla vyjadri\u0165 napr\u00edklad pomocou manik\u00fary. Ako to v\u0161ak vymyslie\u0165? \u010co o v\u00e1s m\u00f4\u017eu poveda\u0165 napr\u00edklad va\u0161e gelov\u00e9 nechty? A maj\u00fa v\u00f4bec \u010do poveda\u0165? Asi je jasn\u00e9, \u017ee aj ke\u010f m\u00e1 \u010dlovek pocit, \u017ee toho hovor\u00ed ve\u013ea, nie je to v\u017edy pravidlo.\u017deny si myslia, \u017ee je hl\u00fapos\u0165, ukazova\u0165 svetu svoje my\u0161lienky. Napriek tomu, \u017ee m\u00e1te pocit, \u017ee je to nie\u010do nevhodn\u00e9, mo\u017eno dokonca nie\u010do, o \u010dom by ste nemali rozpr\u00e1va\u0165, m\u00f4\u017eete to takto vyjadri\u0165. M\u00f4\u017ee to by\u0165 mo\u017enos\u0165 uk\u00e1za\u0165 svetu va\u0161u osobnos\u0165. Mus\u00edte sa do pr\u00e1ce oblieka\u0165 nudne a stereotypne? Tak pre\u010do si nezvol\u00edte kr\u00e1snu v\u00fdrazn\u00fa manik\u00faru, ktorou m\u00f4\u017ee necha\u0165 vo\u013en\u00fd priebeh pr\u00e1ve va\u0161ej osobnosti? AJ to je mo\u017enos\u0165, ako sa prejavi\u0165, no nemysl\u00edte? Verte tomu, \u017ee n\u00e1jdete sp\u00f4sob, ako \u010do najlep\u0161ie vymyslie\u0165 pr\u00e1ve to, \u010do je pre v\u00e1s vhodn\u00e9 a \u010do v\u00e1s bude robi\u0165 \u0161\u0165astn\u00fdmi. Sami ve\u013emi dobre viete, \u010do m\u00e1 v\u00fdznam a \u010do naopak zase \u017eiadny v\u00fdznam nem\u00e1. Nemajte preto stresy a uvid\u00edte samy.                                                                                                                                                                                                                                                                                                                                                                                         4.4\/5 - (7 votes)        "},{"@context":"https:\/\/schema.org\/","@type":"BreadcrumbList","itemListElement":[{"@type":"ListItem","position":1,"name":"Uk\u00e1\u017ete svetu svoju osobnos\u0165","item":"https:\/\/www.miras.sk\/ukazte-svetu-svoju-osobnost\/#breadcrumbitem"}]}]