{"@context":"https:\/\/schema.org\/","@type":"CollectionPage","@id":"https:\/\/www.miras.sk\/ekonomika\/#CollectionPage","headline":"Ekonomika Category","description":"","url":"https:\/\/www.miras.sk\/ekonomika\/","hasPart":[{"@type":"Article","@id":"https:\/\/www.miras.sk\/zmena-v-uctovnom-zakone-zacne-platit-uz-od-januara-nezabudnite-sa-na-to-pripravit-aby-ste-necelili-zbytocne-pokutam\/","headline":"Zmena v \u00fa\u010dtovnom z\u00e1kone za\u010dne plati\u0165 u\u017e od janu\u00e1ra, nezabudnite sa na to pripravi\u0165 aby ste ne\u010delili zbyto\u010dne pokut\u00e1m","url":"https:\/\/www.miras.sk\/zmena-v-uctovnom-zakone-zacne-platit-uz-od-januara-nezabudnite-sa-na-to-pripravit-aby-ste-necelili-zbytocne-pokutam\/","datePublished":"2019-11-12","dateModified":"2023-04-27","mainEntityOfPage":"https:\/\/www.miras.sk\/zmena-v-uctovnom-zakone-zacne-platit-uz-od-januara-nezabudnite-sa-na-to-pripravit-aby-ste-necelili-zbytocne-pokutam\/","author":{"@type":"Person","@id":"https:\/\/www.miras.sk\/author\/#Person","name":"","url":"https:\/\/www.miras.sk\/author\/","identifier":1,"image":{"@type":"ImageObject","@id":"https:\/\/secure.gravatar.com\/avatar\/f5ad5dcd5c02ecc0fdaf1fe4b2e9a39ad5c5cc2b614885090f6f77b1ccabb3a9?s=96&d=mm&r=g","url":"https:\/\/secure.gravatar.com\/avatar\/f5ad5dcd5c02ecc0fdaf1fe4b2e9a39ad5c5cc2b614885090f6f77b1ccabb3a9?s=96&d=mm&r=g","height":96,"width":96}},"publisher":{"@type":"Organization","name":"miras.sk","logo":{"@type":"ImageObject","@id":"\/logo.png","url":"\/logo.png","width":600,"height":60}},"image":{"@type":"ImageObject","@id":"https:\/\/www.miras.sk\/wp-content\/uploads\/img_a308437_w16717_t1574780766.jpg","url":"https:\/\/www.miras.sk\/wp-content\/uploads\/img_a308437_w16717_t1574780766.jpg","height":0,"width":0},"keywords":null},{"@type":"Article","@id":"https:\/\/www.miras.sk\/bez-vzdelania-to-nepojde-no-bez-vysokej-skoly-ano\/","headline":"Bez vzdelania to nep\u00f4jde, no bez vysokej \u0161koly \u00e1no","url":"https:\/\/www.miras.sk\/bez-vzdelania-to-nepojde-no-bez-vysokej-skoly-ano\/","datePublished":"2019-11-09","dateModified":"2023-04-27","mainEntityOfPage":"https:\/\/www.miras.sk\/bez-vzdelania-to-nepojde-no-bez-vysokej-skoly-ano\/","author":{"@type":"Person","@id":"https:\/\/www.miras.sk\/author\/#Person","name":"","url":"https:\/\/www.miras.sk\/author\/","identifier":1,"image":{"@type":"ImageObject","@id":"https:\/\/secure.gravatar.com\/avatar\/f5ad5dcd5c02ecc0fdaf1fe4b2e9a39ad5c5cc2b614885090f6f77b1ccabb3a9?s=96&d=mm&r=g","url":"https:\/\/secure.gravatar.com\/avatar\/f5ad5dcd5c02ecc0fdaf1fe4b2e9a39ad5c5cc2b614885090f6f77b1ccabb3a9?s=96&d=mm&r=g","height":96,"width":96}},"publisher":{"@type":"Organization","name":"miras.sk","logo":{"@type":"ImageObject","@id":"\/logo.png","url":"\/logo.png","width":600,"height":60}},"image":{"@type":"ImageObject","@id":"https:\/\/www.miras.sk\/wp-content\/uploads\/img_a299279_w16641_t1555078254.jpg","url":"https:\/\/www.miras.sk\/wp-content\/uploads\/img_a299279_w16641_t1555078254.jpg","height":0,"width":0},"keywords":null},{"@type":"Article","@id":"https:\/\/www.miras.sk\/virtualne-meny\/","headline":"Virtu\u00e1lne meny?","url":"https:\/\/www.miras.sk\/virtualne-meny\/","datePublished":"2018-02-12","dateModified":"2023-04-27","mainEntityOfPage":"https:\/\/www.miras.sk\/virtualne-meny\/","author":{"@type":"Person","@id":"https:\/\/www.miras.sk\/author\/#Person","name":"","url":"https:\/\/www.miras.sk\/author\/","identifier":1,"image":{"@type":"ImageObject","@id":"https:\/\/secure.gravatar.com\/avatar\/f5ad5dcd5c02ecc0fdaf1fe4b2e9a39ad5c5cc2b614885090f6f77b1ccabb3a9?s=96&d=mm&r=g","url":"https:\/\/secure.gravatar.com\/avatar\/f5ad5dcd5c02ecc0fdaf1fe4b2e9a39ad5c5cc2b614885090f6f77b1ccabb3a9?s=96&d=mm&r=g","height":96,"width":96}},"publisher":{"@type":"Organization","name":"miras.sk","logo":{"@type":"ImageObject","@id":"\/logo.png","url":"\/logo.png","width":600,"height":60}},"image":{"@type":"ImageObject","@id":"https:\/\/www.miras.sk\/wp-content\/uploads\/img_a287594_w16554_t1525429768.jpg","url":"https:\/\/www.miras.sk\/wp-content\/uploads\/img_a287594_w16554_t1525429768.jpg","height":0,"width":0},"keywords":null}]}